{"id":2554,"date":"2019-12-22T08:08:37","date_gmt":"2019-12-22T07:08:37","guid":{"rendered":"http:\/\/beta.kannewischer.group\/?p=2554"},"modified":"2021-01-25T16:26:07","modified_gmt":"2021-01-25T15:26:07","slug":"wagnerstrasse-11-bern","status":"publish","type":"post","link":"https:\/\/www.kannewischer.group\/fr\/2019\/12\/wagnerstrasse-11-bern\/","title":{"rendered":"Wagnerstrasse 11, Berne"},"content":{"rendered":"\n<div class=\"wp-block-group\"><div class=\"wp-block-group__inner-container is-layout-flow wp-block-group-is-layout-flow\">\n<h1 class=\"project wp-block-heading\">Wagnerstrasse 11, Bern<\/h1>\n\n\n\n<div class=\"wp-block-columns project is-layout-flex wp-container-core-columns-is-layout-9d6595d7 wp-block-columns-is-layout-flex\">\n<div class=\"wp-block-column is-layout-flow wp-block-column-is-layout-flow\" style=\"flex-basis:66.66%\">\n<figure class=\"wp-block-image size-large\"><img loading=\"lazy\" decoding=\"async\" width=\"1024\" height=\"681\" src=\"https:\/\/www.kannewischer.group\/wp-content\/uploads\/Bild-Wagnerstrasse.jpg\" alt=\"\" class=\"wp-image-2109\" srcset=\"https:\/\/www.kannewischer.group\/wp-content\/uploads\/Bild-Wagnerstrasse.jpg 1024w, https:\/\/www.kannewischer.group\/wp-content\/uploads\/Bild-Wagnerstrasse-800x532.jpg 800w, https:\/\/www.kannewischer.group\/wp-content\/uploads\/Bild-Wagnerstrasse-768x511.jpg 768w\" sizes=\"auto, (max-width: 1024px) 100vw, 1024px\" \/><\/figure>\n\n\n\n<p>L\u2019ancien \u00abW\u00f6schh\u00fcsi\u00bb (construit en 1915) a \u00e9t\u00e9 enti\u00e8rement reconstruit dans le quartier historique de la Matte \u00e0 Berne. Au total, neuf appartements ont \u00e9t\u00e9 r\u00e9nov\u00e9s et assainis pour \u00eatre \u00e9conomes en \u00e9nergie. L\u2019autorit\u00e9 de conservation des monuments historiques a class\u00e9 le b\u00e2timent comme devant \u00eatre pr\u00e9serv\u00e9. Les architectes de W2H ont donc d\u00fb conserver le charme du b\u00e2timent existant.<\/p>\n\n\n\n<p>Les neuf appartements tr\u00e8s diff\u00e9rents ont \u00e9t\u00e9 rafra\u00eechis gr\u00e2ce \u00e0 une association subtile de couleurs et de mat\u00e9riaux, et avec les quatre nouveaux balcons, l\u2019immeuble dispose enfin d\u2019un espace ext\u00e9rieur.<\/p>\n\n\n\n<p>La soci\u00e9t\u00e9 Kannewischer Bern AG \u00e9tait responsable de la planification sanitaire. Les cuisines et les salles de bains ont \u00e9t\u00e9 enti\u00e8rement r\u00e9nov\u00e9es et dot\u00e9es d\u2019\u00e9quipements modernes et conformes aux normes.<\/p>\n<\/div>\n\n\n\n<div class=\"wp-block-column is-layout-flow wp-block-column-is-layout-flow\" style=\"flex-basis:33.33%\">\n<p class=\"mb-0 has-blue-color has-text-color\"><strong>Ma\u00eetre d\u2019ouvrage<\/strong><\/p>\n\n\n\n<p>GMG, Gipser- und Malergenossenschaft Bern<br>CH-3007 Bern<\/p>\n\n\n\n<p class=\"mb-0 has-blue-color has-text-color\"><strong>Architecte<\/strong><\/p>\n\n\n\n<p>W2H Architekten AG<br>CH-3008 Bern<\/p>\n\n\n\n<p class=\"mb-0 has-blue-color has-text-color\"><strong>P\u00e9riode<\/strong><\/p>\n\n\n\n<p>R\u00e9alisation 2018-2019<\/p>\n\n\n\n<p class=\"mb-0 has-blue-color has-text-color\"><strong>Projet de construction<\/strong><\/p>\n\n\n\n<p>R\u00e9novation<\/p>\n\n\n\n<p class=\"mb-0 has-blue-color has-text-color\"><strong>Type de b\u00e2timent<\/strong><\/p>\n\n\n\n<p>B\u00e2timent r\u00e9sidentiel<\/p>\n\n\n\n<p class=\"mb-0 has-blue-color has-text-color\"><strong>Nos prestations<\/strong><\/p>\n\n\n\n<ul class=\"is-style-list-carets-blue wp-block-list\"><li>Planification technique pour les installations sanitaires<\/li><li>Conduite sp\u00e9cialis\u00e9e des travaux pour les installations sanitaires<\/li><\/ul>\n\n\n\n<p class=\"mb-0 has-blue-color has-text-color\"><strong>Groupes d\u2019immobilisations<\/strong><\/p>\n\n\n\n<p class=\"icon\">Sanitaire  <\/p>\n<\/div>\n<\/div>\n<\/div><\/div>\n\n\n\n<p><\/p>\n","protected":false},"excerpt":{"rendered":"<p>Kannewischer | 2018-2019 |  <a class=\"understrap-read-more-link\" href=\"https:\/\/www.kannewischer.group\/fr\/2019\/12\/wagnerstrasse-11-bern\/\">Lire la suite<\/a><\/p>\n","protected":false},"author":1341,"featured_media":2111,"comment_status":"closed","ping_status":"closed","sticky":false,"template":"","format":"standard","meta":{"_acf_changed":false,"footnotes":""},"categories":[56,52],"tags":[],"class_list":["post-2554","post","type-post","status-publish","format-standard","has-post-thumbnail","hentry","category-batiments-speciaux","category-toutes-les-references"],"acf":[],"_links":{"self":[{"href":"https:\/\/www.kannewischer.group\/fr\/wp-json\/wp\/v2\/posts\/2554","targetHints":{"allow":["GET"]}}],"collection":[{"href":"https:\/\/www.kannewischer.group\/fr\/wp-json\/wp\/v2\/posts"}],"about":[{"href":"https:\/\/www.kannewischer.group\/fr\/wp-json\/wp\/v2\/types\/post"}],"author":[{"embeddable":true,"href":"https:\/\/www.kannewischer.group\/fr\/wp-json\/wp\/v2\/users\/1341"}],"replies":[{"embeddable":true,"href":"https:\/\/www.kannewischer.group\/fr\/wp-json\/wp\/v2\/comments?post=2554"}],"version-history":[{"count":2,"href":"https:\/\/www.kannewischer.group\/fr\/wp-json\/wp\/v2\/posts\/2554\/revisions"}],"predecessor-version":[{"id":2622,"href":"https:\/\/www.kannewischer.group\/fr\/wp-json\/wp\/v2\/posts\/2554\/revisions\/2622"}],"wp:featuredmedia":[{"embeddable":true,"href":"https:\/\/www.kannewischer.group\/fr\/wp-json\/wp\/v2\/media\/2111"}],"wp:attachment":[{"href":"https:\/\/www.kannewischer.group\/fr\/wp-json\/wp\/v2\/media?parent=2554"}],"wp:term":[{"taxonomy":"category","embeddable":true,"href":"https:\/\/www.kannewischer.group\/fr\/wp-json\/wp\/v2\/categories?post=2554"},{"taxonomy":"post_tag","embeddable":true,"href":"https:\/\/www.kannewischer.group\/fr\/wp-json\/wp\/v2\/tags?post=2554"}],"curies":[{"name":"wp","href":"https:\/\/api.w.org\/{rel}","templated":true}]}}